{"id":251,"date":"2025-08-06T19:16:22","date_gmt":"2025-08-06T17:16:22","guid":{"rendered":"https:\/\/www.herbstleyd.org\/?p=251"},"modified":"2025-08-06T19:16:41","modified_gmt":"2025-08-06T17:16:41","slug":"tachoumbau-vol-ii","status":"publish","type":"post","link":"https:\/\/www.herbstleyd.org\/?p=251","title":{"rendered":"Tachoumbau Vol. II"},"content":{"rendered":"\n<p>Weiter gehts am Tacho des K\u00e4lbchens. Ich war echt flei\u00dfig und bin fast verzweifelt. Er ist noch nicht ganz fertig. Farbe geht noch garnicht.<\/p>\n\n\n\n<p>Zuerst habe ich den alten Tacho ausgebaut. Das ist eigentlich keine Kunst, das geht schnell.<br>Die Haltepunkte mit den Gumminubsis habe ich \u00fcbernommen.<\/p>\n\n\n\n<figure class=\"wp-block-image size-large\"><img loading=\"lazy\" decoding=\"async\" width=\"577\" height=\"1024\" src=\"https:\/\/www.herbstleyd.org\/wp-content\/uploads\/2025\/08\/photo_2025-08-02_12-50-50-577x1024.jpg\" alt=\"\" class=\"wp-image-253\" srcset=\"https:\/\/www.herbstleyd.org\/wp-content\/uploads\/2025\/08\/photo_2025-08-02_12-50-50-577x1024.jpg 577w, https:\/\/www.herbstleyd.org\/wp-content\/uploads\/2025\/08\/photo_2025-08-02_12-50-50-169x300.jpg 169w, https:\/\/www.herbstleyd.org\/wp-content\/uploads\/2025\/08\/photo_2025-08-02_12-50-50.jpg 721w\" sizes=\"auto, (max-width: 577px) 100vw, 577px\" \/><\/figure>\n\n\n\n<p>Ich habe mir 5mm Gewindestange\/Muttern\/Unterlegscheiben besorgt und drauf losgebastelt.<\/p>\n\n\n\n<figure class=\"wp-block-image size-large\"><img loading=\"lazy\" decoding=\"async\" width=\"577\" height=\"1024\" src=\"https:\/\/www.herbstleyd.org\/wp-content\/uploads\/2025\/08\/photo_2025-08-02_12-50-48-577x1024.jpg\" alt=\"\" class=\"wp-image-245\" srcset=\"https:\/\/www.herbstleyd.org\/wp-content\/uploads\/2025\/08\/photo_2025-08-02_12-50-48-577x1024.jpg 577w, https:\/\/www.herbstleyd.org\/wp-content\/uploads\/2025\/08\/photo_2025-08-02_12-50-48-169x300.jpg 169w, https:\/\/www.herbstleyd.org\/wp-content\/uploads\/2025\/08\/photo_2025-08-02_12-50-48.jpg 721w\" sizes=\"auto, (max-width: 577px) 100vw, 577px\" \/><\/figure>\n\n\n\n<p>Wie es da drunter ausschaut war mir erstmal egal. Sieht eh keiner und ich kann mir an dieser inneren Platte Befestigungen f\u00fcr die Verkabelung machen.<\/p>\n\n\n\n<figure class=\"wp-block-image size-large\"><img loading=\"lazy\" decoding=\"async\" width=\"577\" height=\"1024\" src=\"https:\/\/www.herbstleyd.org\/wp-content\/uploads\/2025\/08\/photo_2025-08-02_12-57-30-577x1024.jpg\" alt=\"\" class=\"wp-image-254\" srcset=\"https:\/\/www.herbstleyd.org\/wp-content\/uploads\/2025\/08\/photo_2025-08-02_12-57-30-577x1024.jpg 577w, https:\/\/www.herbstleyd.org\/wp-content\/uploads\/2025\/08\/photo_2025-08-02_12-57-30-169x300.jpg 169w, https:\/\/www.herbstleyd.org\/wp-content\/uploads\/2025\/08\/photo_2025-08-02_12-57-30.jpg 721w\" sizes=\"auto, (max-width: 577px) 100vw, 577px\" \/><\/figure>\n\n\n\n<p>Soweit so gut. Nicht sch\u00f6n aber selten.<\/p>\n\n\n\n<figure class=\"wp-block-image size-large\"><img loading=\"lazy\" decoding=\"async\" width=\"1024\" height=\"577\" src=\"https:\/\/www.herbstleyd.org\/wp-content\/uploads\/2025\/08\/photo_2025-08-02_12-51-03-1024x577.jpg\" alt=\"\" class=\"wp-image-248\" srcset=\"https:\/\/www.herbstleyd.org\/wp-content\/uploads\/2025\/08\/photo_2025-08-02_12-51-03-1024x577.jpg 1024w, https:\/\/www.herbstleyd.org\/wp-content\/uploads\/2025\/08\/photo_2025-08-02_12-51-03-300x169.jpg 300w, https:\/\/www.herbstleyd.org\/wp-content\/uploads\/2025\/08\/photo_2025-08-02_12-51-03-768x433.jpg 768w, https:\/\/www.herbstleyd.org\/wp-content\/uploads\/2025\/08\/photo_2025-08-02_12-51-03.jpg 1280w\" sizes=\"auto, (max-width: 1024px) 100vw, 1024px\" \/><\/figure>\n\n\n\n<p>Ich habe mir aus einer weiteren Vinylplatte das obere Gegenst\u00fcck ausgeschnitten und die Befestigungsl\u00f6cher gebohrt. Der Vorteil daran ist: Wenn man zuerst die Scheibe installiert, danach diese Platte mit den 3 Muttern anzieht, kann man ganz wunderbar den Spalt zur Lampenmaske einstellen. Keinen nervigen Spalt mehr Zwischen Lampenmaske und Tachoverkleidung \ud83e\udd2f<\/p>\n\n\n\n<figure class=\"wp-block-image size-large\"><img loading=\"lazy\" decoding=\"async\" width=\"1024\" height=\"577\" src=\"https:\/\/www.herbstleyd.org\/wp-content\/uploads\/2025\/08\/photo_2025-08-06_18-53-55-1024x577.jpg\" alt=\"\" class=\"wp-image-243\" srcset=\"https:\/\/www.herbstleyd.org\/wp-content\/uploads\/2025\/08\/photo_2025-08-06_18-53-55-1024x577.jpg 1024w, https:\/\/www.herbstleyd.org\/wp-content\/uploads\/2025\/08\/photo_2025-08-06_18-53-55-300x169.jpg 300w, https:\/\/www.herbstleyd.org\/wp-content\/uploads\/2025\/08\/photo_2025-08-06_18-53-55-768x433.jpg 768w, https:\/\/www.herbstleyd.org\/wp-content\/uploads\/2025\/08\/photo_2025-08-06_18-53-55.jpg 1280w\" sizes=\"auto, (max-width: 1024px) 100vw, 1024px\" \/><\/figure>\n\n\n\n<p>Und das ist das &#8222;vorl\u00e4ufige&#8220; Ergebnis. Alles h\u00e4lt bombenfest. Die Verkabelung war 6h Arbeit, ich habe alles sch\u00f6n verl\u00f6tet. <br>Geschwindigkeitsanzeige &#8211; <strong>l\u00e4uft<\/strong><br>U\/min &#8211;<strong> l\u00e4uft<\/strong><br>Neutral &#8211; <strong>l\u00e4uft<\/strong><br>Tank &#8211; <strong>l\u00e4uft<\/strong> (\u00fcber externe LED)<br>Wassertemp. &#8211; <strong>l\u00e4uft<\/strong> (invertiert, LED ist immer an, sobald rote LED an &#8211; starten &#8211; vereinfacht die F650 Startprozedur)<br>\u00d6ldruck &#8211;<strong> l\u00e4uft<\/strong> (\u00fcber den Daytona)<br>Blinker L\/R &#8211; <strong>l\u00e4uft<\/strong> (links \/ rechts Anzeige im Daytona)<br>ABS-LED &#8211; <em>nee<\/em> (geht noch nicht, muss mir da noch was basteln)<\/p>\n\n\n\n<p>Ablesbarkeit des blauen Displays ist nicht sooo einfach. Wenn die Sonne dumm steht gehts halt schlecht. Aber sonst kann ich mich nicht beschweren. Da habe ich mir schon was sch\u00f6n h\u00e4ssliches zusammengebastelt. <br>Die schwarzen ABS Platten sind angekommen. Ich werde aus einer von diesen noch eine sch\u00f6nere Frontplatte ausschneiden und verbauen. Das war jetzt der Prototyp, er ist nicht ganz symetrisch und optisch auch keine Wucht. Aber das wird noch. Bin jedenfalls froh das ich jetzt erstmal wieder mit dem K\u00e4lbchen ausreiten kann.<\/p>\n","protected":false},"excerpt":{"rendered":"<p>Weiter gehts am Tacho des K\u00e4lbchens. Ich war echt flei\u00dfig und bin fast verzweifelt. Er ist noch nicht ganz fertig. Farbe geht noch garnicht. Zuerst habe ich den alten Tacho ausgebaut. Das ist eigentlich keine Kunst, das geht schnell.Die Haltepunkte mit den Gumminubsis habe ich \u00fcbernommen. Ich habe mir 5mm Gewindestange\/Muttern\/Unterlegscheiben besorgt und drauf losgebastelt. [&hellip;]<\/p>\n","protected":false},"author":1,"featured_media":0,"comment_status":"open","ping_status":"open","sticky":false,"template":"","format":"standard","meta":{"footnotes":""},"categories":[9,7],"tags":[],"class_list":["post-251","post","type-post","status-publish","format-standard","hentry","category-f650gs","category-mopped"],"_links":{"self":[{"href":"https:\/\/www.herbstleyd.org\/index.php?rest_route=\/wp\/v2\/posts\/251","targetHints":{"allow":["GET"]}}],"collection":[{"href":"https:\/\/www.herbstleyd.org\/index.php?rest_route=\/wp\/v2\/posts"}],"about":[{"href":"https:\/\/www.herbstleyd.org\/index.php?rest_route=\/wp\/v2\/types\/post"}],"author":[{"embeddable":true,"href":"https:\/\/www.herbstleyd.org\/index.php?rest_route=\/wp\/v2\/users\/1"}],"replies":[{"embeddable":true,"href":"https:\/\/www.herbstleyd.org\/index.php?rest_route=%2Fwp%2Fv2%2Fcomments&post=251"}],"version-history":[{"count":2,"href":"https:\/\/www.herbstleyd.org\/index.php?rest_route=\/wp\/v2\/posts\/251\/revisions"}],"predecessor-version":[{"id":255,"href":"https:\/\/www.herbstleyd.org\/index.php?rest_route=\/wp\/v2\/posts\/251\/revisions\/255"}],"wp:attachment":[{"href":"https:\/\/www.herbstleyd.org\/index.php?rest_route=%2Fwp%2Fv2%2Fmedia&parent=251"}],"wp:term":[{"taxonomy":"category","embeddable":true,"href":"https:\/\/www.herbstleyd.org\/index.php?rest_route=%2Fwp%2Fv2%2Fcategories&post=251"},{"taxonomy":"post_tag","embeddable":true,"href":"https:\/\/www.herbstleyd.org\/index.php?rest_route=%2Fwp%2Fv2%2Ftags&post=251"}],"curies":[{"name":"wp","href":"https:\/\/api.w.org\/{rel}","templated":true}]}}