{"id":145,"date":"2025-08-01T17:35:43","date_gmt":"2025-08-01T15:35:43","guid":{"rendered":"https:\/\/www.herbstleyd.org\/wp\/?p=145"},"modified":"2025-08-02T04:38:48","modified_gmt":"2025-08-02T02:38:48","slug":"tachoumbau","status":"publish","type":"post","link":"https:\/\/www.herbstleyd.org\/?p=145","title":{"rendered":"Tachoumbau"},"content":{"rendered":"\n<h2 class=\"wp-block-heading\">Teil 1 von ?? (Planen, \u00fcberlegen oder doch lieber lassen)<\/h2>\n\n\n\n<p>Da habe ich mir ein Projekt angelacht..<br>Mein Tacho ist kaputt und h\u00e4sslich. Also dachte sich der Jens: &#8222;Jo, bau den Kram doch einfach um&#8220; \ud83d\ude02<br>Ich habe erstmal nach einem Tacho mit Zulassung geschaut. Aus Chinesium gibt es ja einige f\u00fcr einen schmalen Taler, aber die darfste halt net im \u00f6ffentlichen Verkehrsraum nutzen.<br>Da gibt es ja diverse Hersteller die eine Vielzahl an Ger\u00e4ten anbieten. Entschieden habe ich mich dann schlussendlich f\u00fcr die Firma &#8222;<a href=\"https:\/\/daytona-europe.com\/\" data-type=\"link\" data-id=\"https:\/\/daytona-europe.com\/\">Daytona<\/a>&#8220; aus Japan. Ein <a href=\"https:\/\/daytona-europe.com\/de\/asura-multi-function-computer\/44-asura-digitales-multi-instrument-silber-84580-84580.html\" data-type=\"link\" data-id=\"https:\/\/daytona-europe.com\/de\/asura-multi-function-computer\/44-asura-digitales-multi-instrument-silber-84580-84580.html\">Daytona Asura<\/a> in Silber. Silber ist er nur weil er billiger war als Schwarz \ud83d\ude09<br>Ich kann die Maximaldrehzahl einstellen und so Sp\u00e4sschen. Schon ein nettes Ger\u00e4t.<\/p>\n\n\n\n<figure class=\"wp-block-image size-large\"><img loading=\"lazy\" decoding=\"async\" width=\"1024\" height=\"647\" src=\"https:\/\/www.herbstleyd.org\/wp\/wp-content\/uploads\/2025\/08\/photo_2025-08-01_16-17-10-e1754060003899-1024x647.jpg\" alt=\"\" class=\"wp-image-134\" srcset=\"https:\/\/www.herbstleyd.org\/wp-content\/uploads\/2025\/08\/photo_2025-08-01_16-17-10-e1754060003899-1024x647.jpg 1024w, https:\/\/www.herbstleyd.org\/wp-content\/uploads\/2025\/08\/photo_2025-08-01_16-17-10-e1754060003899-300x189.jpg 300w, https:\/\/www.herbstleyd.org\/wp-content\/uploads\/2025\/08\/photo_2025-08-01_16-17-10-e1754060003899-768x485.jpg 768w, https:\/\/www.herbstleyd.org\/wp-content\/uploads\/2025\/08\/photo_2025-08-01_16-17-10-e1754060003899.jpg 1140w\" sizes=\"auto, (max-width: 1024px) 100vw, 1024px\" \/><\/figure>\n\n\n\n<p>Dieser Tacho sollte fast alles abdecken was die BMW so Signalen und Infos im Tacho verarbeitet.<br>Es gibt aber nat\u00fcrlich ein paar Probleme um die ich mich k\u00fcmmern muss:<\/p>\n\n\n\n<ol class=\"wp-block-list\">\n<li>Der Tankgeber ist quasi nur ein schalter und kein Poti. Ich bekomme vom Tankgeber nur gesagt: &#8222;Jetzt ist Reserve, such mal ne Tanke&#8220;<br>Ich kann also die Funktion im Tacho nicht nutzen. Er w\u00fcrde mir an Stelle der Drehzahl die Tankf\u00fcllung anzeigen wenn ich es m\u00f6chte.<br>Also muss eine Warnleuchte her, eine die extern vom Kombiinstrument ist. Das ist ohne weitere Probleme m\u00f6glich. Daf\u00fcr habe ich mir bei Ebay sch\u00f6ne kleine 12V Signalleuchten bestellt.<br><img loading=\"lazy\" decoding=\"async\" width=\"150\" height=\"140\" class=\"wp-image-146\" style=\"width: 150px;\" src=\"https:\/\/www.herbstleyd.org\/wp\/wp-content\/uploads\/2025\/08\/Leuchten.png\" alt=\"\" srcset=\"https:\/\/www.herbstleyd.org\/wp-content\/uploads\/2025\/08\/Leuchten.png 517w, https:\/\/www.herbstleyd.org\/wp-content\/uploads\/2025\/08\/Leuchten-300x280.png 300w\" sizes=\"auto, (max-width: 150px) 100vw, 150px\" \/><br>Davon gleich 2. Eine in Gelb f\u00fcr den Tank und eine in Rot f\u00fcr das ABS. Dazu hier gleich mehr.<br><\/li>\n\n\n\n<li>Die ABS Leuchte. Mein K\u00e4lbchen hat ABS, also muss eine ABS Leuchte im Kombiinstrument sein. Isso. Schland halt. Macht ja aber auch Sinn. Im Asura ist keine solche Funktion\/Warnleuchte nicht vorgesehen. <br>Das ist jetzt etwas komplizierter. Der originale Tacho verarbeitet das ABS Signal intern und bringt somit die Lampe zum leuchten. Da muss also etwas her.<br>Es gibt da zum Gl\u00fcck so einen <a href=\"https:\/\/www.f650gs.crossroadz.com.au\/\" data-type=\"link\" data-id=\"https:\/\/www.f650gs.crossroadz.com.au\/\">geilen Aussie<\/a> der auch viel mit dem K\u00e4lbchen zu tun hat. Er hat auf seiner Page viele nette PDF-Dateien die einem da sehr weiterhelfen. <br>Die L\u00f6sung ist eine Relaischaltung f\u00fcr die LED die ich dann einbauen werde. So kann ich das Signal vom Steuerger\u00e4t abfangen und mit dem Relais dann die LED schalten. Somit bin ich beim T\u00fcff auf der sicheren Seite. Wenn beim T\u00fcff die ABS-Lampe beim Starten des Moppeds nicht leuchtet, nix T\u00fcff!<br><\/li>\n\n\n\n<li><img decoding=\"async\" class=\"wp-image-152\" style=\"width: NaNpx;\" src=\"https:\/\/www.herbstleyd.org\/wp\/wp-content\/uploads\/2025\/08\/BMS-0004-1-1.pdf\" alt=\"\">Tja, ich will den Tacho ja ersetzen. Also muss der alte raus und der neue irgendwie rein \ud83d\ude02 irgendwie logisch.<br>Ohne Tacho schaut halt irgendwie doof aus. Daher kann ich nicht einfach den alten raus hauen und den neuen am Lenker befestigen \ud83d\ude48<br>Ich werde die originalen Haltepunkte des Tachos nutzen und eine ABS-Platte darauf befestigen (siehe Bilder unten)<br>Auf dieser Platte wird eine weitere Platte installiert, auf dieser wird dann der Daytona und die weiteren 2 Signalleuchten angebracht. Ich halte mich da relativ nahe an das System von einem User aus dem <a href=\"https:\/\/www.f650.de\/forum\/index.php?thread\/117605-tacho-umbau-koso-db-01rn\/&amp;postID=455899#post455899\" data-type=\"link\" data-id=\"https:\/\/www.f650.de\/forum\/index.php?thread\/117605-tacho-umbau-koso-db-01rn\/&amp;postID=455899#post455899\">F650.de-Forum<\/a>. <br>Ich werde aber ABS Platten nutzen und kein Scheisse-Rohr aus dem Ofen.<br><\/li>\n<\/ol>\n\n\n\n<figure class=\"wp-block-image size-full\"><img loading=\"lazy\" decoding=\"async\" width=\"771\" height=\"416\" src=\"https:\/\/www.herbstleyd.org\/wp\/wp-content\/uploads\/2025\/08\/kalb-ohne-tacho.png\" alt=\"BMW F 650 GS ohne Tacho\" class=\"wp-image-153\" srcset=\"https:\/\/www.herbstleyd.org\/wp-content\/uploads\/2025\/08\/kalb-ohne-tacho.png 771w, https:\/\/www.herbstleyd.org\/wp-content\/uploads\/2025\/08\/kalb-ohne-tacho-300x162.png 300w, https:\/\/www.herbstleyd.org\/wp-content\/uploads\/2025\/08\/kalb-ohne-tacho-768x414.png 768w\" sizes=\"auto, (max-width: 771px) 100vw, 771px\" \/><figcaption class=\"wp-element-caption\">K\u00e4lbchen ohne Tacho<\/figcaption><\/figure>\n\n\n\n<figure class=\"wp-block-image size-full\"><img loading=\"lazy\" decoding=\"async\" width=\"377\" height=\"755\" src=\"https:\/\/www.herbstleyd.org\/wp\/wp-content\/uploads\/2025\/08\/Tacho-Neumachen.png\" alt=\"\" class=\"wp-image-155\" srcset=\"https:\/\/www.herbstleyd.org\/wp-content\/uploads\/2025\/08\/Tacho-Neumachen.png 377w, https:\/\/www.herbstleyd.org\/wp-content\/uploads\/2025\/08\/Tacho-Neumachen-150x300.png 150w\" sizes=\"auto, (max-width: 377px) 100vw, 377px\" \/><figcaption class=\"wp-element-caption\">Inspiration aus dem <a href=\"https:\/\/www.f650.de\/forum\/index.php?thread\/117605-tacho-umbau-koso-db-01rn\/&amp;postID=455899#post455899\" data-type=\"link\" data-id=\"https:\/\/www.f650.de\/forum\/index.php?thread\/117605-tacho-umbau-koso-db-01rn\/&amp;postID=455899#post455899\">Forum<\/a>. Danke Daf\u00fcr!<\/figcaption><\/figure>\n\n\n\n<p>F\u00fcr das Projekt nutze ich 2x 3mm starke <a href=\"https:\/\/www.ebay.de\/itm\/394962152983?var=663531060391\" data-type=\"link\" data-id=\"https:\/\/www.ebay.de\/itm\/394962152983?var=663531060391\">ABS Platten von Ebay<\/a>. Diese lassen sich gut zuschneiden und schauen noch gut aus. Ich will auf jeden fall Schwarz. Es soll nicht so stark blenden.<\/p>\n\n\n\n<p>Die Signalleuchen kommen auch von Ebay. Hier gibts eine krasse Auswahl. Aber <a href=\"https:\/\/www.ebay.de\/itm\/272291379773?var=571116914718\" data-type=\"link\" data-id=\"https:\/\/www.ebay.de\/itm\/272291379773?var=571116914718\">diese hier<\/a> haben mir am besten gefallen.<\/p>\n\n\n\n<p>Da ich den Tacho neu verkabeln muss habe ich mir neue wasserdichte Stecker besorgt. Nat\u00fcrlich auch bei Ebay. 12pol, wasserdicht. Beim Tacho liegen zwar Stecker zum selber Crimpen dabei, <a href=\"https:\/\/www.ebay.de\/itm\/304157744700?var=603269217536\" data-type=\"link\" data-id=\"https:\/\/www.ebay.de\/itm\/304157744700?var=603269217536\">aber diese<\/a> hier schauen einfach besser aus \ud83d\ude09<\/p>\n\n\n\n<p>Sobald es weitergeht wird das hier verewigt. Stay tuned, oder so.<\/p>\n\n\n\n<figure class=\"wp-block-gallery has-nested-images columns-default is-cropped wp-block-gallery-1 is-layout-flex wp-block-gallery-is-layout-flex\">\n<figure class=\"wp-block-image size-large\"><img loading=\"lazy\" decoding=\"async\" width=\"1024\" height=\"577\" data-id=\"195\" src=\"https:\/\/www.herbstleyd.org\/wp\/wp-content\/uploads\/2025\/08\/photo_2025-08-01_21-06-26-1024x577.jpg\" alt=\"\" class=\"wp-image-195\" srcset=\"https:\/\/www.herbstleyd.org\/wp-content\/uploads\/2025\/08\/photo_2025-08-01_21-06-26-1024x577.jpg 1024w, https:\/\/www.herbstleyd.org\/wp-content\/uploads\/2025\/08\/photo_2025-08-01_21-06-26-300x169.jpg 300w, https:\/\/www.herbstleyd.org\/wp-content\/uploads\/2025\/08\/photo_2025-08-01_21-06-26-768x433.jpg 768w, https:\/\/www.herbstleyd.org\/wp-content\/uploads\/2025\/08\/photo_2025-08-01_21-06-26.jpg 1280w\" sizes=\"auto, (max-width: 1024px) 100vw, 1024px\" \/><figcaption class=\"wp-element-caption\">Zubeh\u00f6r<\/figcaption><\/figure>\n\n\n\n<figure class=\"wp-block-image size-large\"><img loading=\"lazy\" decoding=\"async\" width=\"1024\" height=\"577\" data-id=\"196\" src=\"https:\/\/www.herbstleyd.org\/wp\/wp-content\/uploads\/2025\/08\/photo_2025-08-01_21-06-33-1024x577.jpg\" alt=\"\" class=\"wp-image-196\" srcset=\"https:\/\/www.herbstleyd.org\/wp-content\/uploads\/2025\/08\/photo_2025-08-01_21-06-33-1024x577.jpg 1024w, https:\/\/www.herbstleyd.org\/wp-content\/uploads\/2025\/08\/photo_2025-08-01_21-06-33-300x169.jpg 300w, https:\/\/www.herbstleyd.org\/wp-content\/uploads\/2025\/08\/photo_2025-08-01_21-06-33-768x433.jpg 768w, https:\/\/www.herbstleyd.org\/wp-content\/uploads\/2025\/08\/photo_2025-08-01_21-06-33.jpg 1280w\" sizes=\"auto, (max-width: 1024px) 100vw, 1024px\" \/><figcaption class=\"wp-element-caption\">Kabelage<\/figcaption><\/figure>\n\n\n\n<figure class=\"wp-block-image size-large\"><img loading=\"lazy\" decoding=\"async\" width=\"1024\" height=\"577\" data-id=\"197\" src=\"https:\/\/www.herbstleyd.org\/wp\/wp-content\/uploads\/2025\/08\/photo_2025-08-01_21-06-38-1024x577.jpg\" alt=\"\" class=\"wp-image-197\" srcset=\"https:\/\/www.herbstleyd.org\/wp-content\/uploads\/2025\/08\/photo_2025-08-01_21-06-38-1024x577.jpg 1024w, https:\/\/www.herbstleyd.org\/wp-content\/uploads\/2025\/08\/photo_2025-08-01_21-06-38-300x169.jpg 300w, https:\/\/www.herbstleyd.org\/wp-content\/uploads\/2025\/08\/photo_2025-08-01_21-06-38-768x433.jpg 768w, https:\/\/www.herbstleyd.org\/wp-content\/uploads\/2025\/08\/photo_2025-08-01_21-06-38.jpg 1280w\" sizes=\"auto, (max-width: 1024px) 100vw, 1024px\" \/><figcaption class=\"wp-element-caption\">R\u00fcckseite<\/figcaption><\/figure>\n\n\n\n<figure class=\"wp-block-image size-large\"><img loading=\"lazy\" decoding=\"async\" width=\"1024\" height=\"577\" data-id=\"198\" src=\"https:\/\/www.herbstleyd.org\/wp\/wp-content\/uploads\/2025\/08\/photo_2025-08-01_21-06-41-1024x577.jpg\" alt=\"\" class=\"wp-image-198\" srcset=\"https:\/\/www.herbstleyd.org\/wp-content\/uploads\/2025\/08\/photo_2025-08-01_21-06-41-1024x577.jpg 1024w, https:\/\/www.herbstleyd.org\/wp-content\/uploads\/2025\/08\/photo_2025-08-01_21-06-41-300x169.jpg 300w, https:\/\/www.herbstleyd.org\/wp-content\/uploads\/2025\/08\/photo_2025-08-01_21-06-41-768x433.jpg 768w, https:\/\/www.herbstleyd.org\/wp-content\/uploads\/2025\/08\/photo_2025-08-01_21-06-41.jpg 1280w\" sizes=\"auto, (max-width: 1024px) 100vw, 1024px\" \/><figcaption class=\"wp-element-caption\">Front<\/figcaption><\/figure>\n<\/figure>\n\n\n\n<hr class=\"wp-block-separator has-alpha-channel-opacity\"\/>\n\n\n\n<details class=\"wp-block-details is-layout-flow wp-block-details-is-layout-flow\"><summary>*Schaltplan Tacho (PDF)<\/summary>\n<div data-wp-interactive=\"core\/file\" class=\"wp-block-file\"><object data-wp-bind--hidden=\"!state.hasPdfPreview\" hidden class=\"wp-block-file__embed\" data=\"https:\/\/www.herbstleyd.org\/wp\/wp-content\/uploads\/2025\/08\/BMS-0004-1.pdf\" type=\"application\/pdf\" style=\"width:100%;height:600px\" aria-label=\"Einbettung von Schaltplan Tacho.\"><\/object><a id=\"wp-block-file--media-408b072b-7f51-47e1-821d-8a61a5d1e7c3\" href=\"https:\/\/www.herbstleyd.org\/wp\/wp-content\/uploads\/2025\/08\/BMS-0004-1.pdf\">Schaltplan Tacho<\/a><a href=\"https:\/\/www.herbstleyd.org\/wp\/wp-content\/uploads\/2025\/08\/BMS-0004-1.pdf\" class=\"wp-block-file__button wp-element-button\" download aria-describedby=\"wp-block-file--media-408b072b-7f51-47e1-821d-8a61a5d1e7c3\">Herunterladen<\/a><\/div>\n<\/details>\n\n\n\n<details class=\"wp-block-details is-layout-flow wp-block-details-is-layout-flow\"><summary>*ABS-Lampen Info (PDF)<\/summary>\n<div class=\"wp-block-columns is-layout-flex wp-container-core-columns-is-layout-9d6595d7 wp-block-columns-is-layout-flex\">\n<div class=\"wp-block-column is-layout-flow wp-block-column-is-layout-flow\" style=\"flex-basis:100%\">\n<div data-wp-interactive=\"core\/file\" class=\"wp-block-file\"><object data-wp-bind--hidden=\"!state.hasPdfPreview\" hidden class=\"wp-block-file__embed\" data=\"https:\/\/www.herbstleyd.org\/wp\/wp-content\/uploads\/2025\/08\/ABS-Lamp-R2.pdf\" type=\"application\/pdf\" style=\"width:100%;height:600px\" aria-label=\"Einbettung von ABS-Lampen Info.\"><\/object><a id=\"wp-block-file--media-bbd27249-cb97-4abd-b6c5-1d3ca6726708\" href=\"https:\/\/www.herbstleyd.org\/wp\/wp-content\/uploads\/2025\/08\/ABS-Lamp-R2.pdf\">ABS-Lampen Info<\/a><a href=\"https:\/\/www.herbstleyd.org\/wp\/wp-content\/uploads\/2025\/08\/ABS-Lamp-R2.pdf\" class=\"wp-block-file__button wp-element-button\" download aria-describedby=\"wp-block-file--media-bbd27249-cb97-4abd-b6c5-1d3ca6726708\">Herunterladen<\/a><\/div>\n<\/div>\n<\/div>\n<\/details>\n\n\n\n<p><a href=\"https:\/\/www.herbstleyd.org\/wp\/w\/doku.php?id=bmw_f650_gs_tacho\">Link zum Wiki<\/a><\/p>\n\n\n\n<p><\/p>\n","protected":false},"excerpt":{"rendered":"<p>Teil 1 von ?? (Planen, \u00fcberlegen oder doch lieber lassen) Da habe ich mir ein Projekt angelacht..Mein Tacho ist kaputt und h\u00e4sslich. Also dachte sich der Jens: &#8222;Jo, bau den Kram doch einfach um&#8220; \ud83d\ude02Ich habe erstmal nach einem Tacho mit Zulassung geschaut. Aus Chinesium gibt es ja einige f\u00fcr einen schmalen Taler, aber die [&hellip;]<\/p>\n","protected":false},"author":1,"featured_media":0,"comment_status":"open","ping_status":"open","sticky":false,"template":"","format":"standard","meta":{"footnotes":""},"categories":[9,7],"tags":[],"class_list":["post-145","post","type-post","status-publish","format-standard","hentry","category-f650gs","category-mopped"],"_links":{"self":[{"href":"https:\/\/www.herbstleyd.org\/index.php?rest_route=\/wp\/v2\/posts\/145","targetHints":{"allow":["GET"]}}],"collection":[{"href":"https:\/\/www.herbstleyd.org\/index.php?rest_route=\/wp\/v2\/posts"}],"about":[{"href":"https:\/\/www.herbstleyd.org\/index.php?rest_route=\/wp\/v2\/types\/post"}],"author":[{"embeddable":true,"href":"https:\/\/www.herbstleyd.org\/index.php?rest_route=\/wp\/v2\/users\/1"}],"replies":[{"embeddable":true,"href":"https:\/\/www.herbstleyd.org\/index.php?rest_route=%2Fwp%2Fv2%2Fcomments&post=145"}],"version-history":[{"count":14,"href":"https:\/\/www.herbstleyd.org\/index.php?rest_route=\/wp\/v2\/posts\/145\/revisions"}],"predecessor-version":[{"id":226,"href":"https:\/\/www.herbstleyd.org\/index.php?rest_route=\/wp\/v2\/posts\/145\/revisions\/226"}],"wp:attachment":[{"href":"https:\/\/www.herbstleyd.org\/index.php?rest_route=%2Fwp%2Fv2%2Fmedia&parent=145"}],"wp:term":[{"taxonomy":"category","embeddable":true,"href":"https:\/\/www.herbstleyd.org\/index.php?rest_route=%2Fwp%2Fv2%2Fcategories&post=145"},{"taxonomy":"post_tag","embeddable":true,"href":"https:\/\/www.herbstleyd.org\/index.php?rest_route=%2Fwp%2Fv2%2Ftags&post=145"}],"curies":[{"name":"wp","href":"https:\/\/api.w.org\/{rel}","templated":true}]}}